{"id":446,"date":"2014-01-12T02:28:10","date_gmt":"2014-01-12T08:28:10","guid":{"rendered":"http:\/\/luzmarina.mamey.org\/?p=446"},"modified":"2014-09-15T18:07:20","modified_gmt":"2014-09-16T00:07:20","slug":"regeneracion-urbana-guayaquil-2","status":"publish","type":"post","link":"http:\/\/luzmarina.mamey.org\/?p=446","title":{"rendered":"Regeneraci\u00f3n urbana. Guayaquil."},"content":{"rendered":"<p>Centro de Guayaquil &#8211; Ecuador, regeneraci\u00f3n urbano. A\u00f1o 2001<\/p>\n<p>Dise\u00f1o de kioskos de comida, basureros, bolardos para jardineras.<\/p>\n<div aria-live=\"polite\" id=\"soliloquy-container-751\" class=\"soliloquy-container soliloquy-transition-fade  soliloquy-theme-classic\" style=\"max-width:300px;max-height:300px;\"><ul id=\"soliloquy-751\" class=\"soliloquy-slider soliloquy-slides soliloquy-wrap soliloquy-clear\"><li aria-hidden=\"true\" class=\"soliloquy-item soliloquy-item-1 soliloquy-image-slide\" draggable=\"false\" style=\"list-style:none\"><img decoding=\"async\" id=\"soliloquy-image-779\" class=\"soliloquy-image soliloquy-image-1\" src=\"http:\/\/luzmarina.mamey.org\/wp-content\/uploads\/2014\/05\/Kiosko-1-300x300_c.jpg\" alt=\"Kiosko 1\" \/><\/li><li aria-hidden=\"true\" class=\"soliloquy-item soliloquy-item-2 soliloquy-image-slide\" draggable=\"false\" style=\"list-style:none\"><img decoding=\"async\" id=\"soliloquy-image-780\" class=\"soliloquy-image soliloquy-image-2\" src=\"http:\/\/luzmarina.mamey.org\/wp-content\/uploads\/2014\/05\/Basurero-1-300x300_c.jpg\" alt=\"Basurero 1\" \/><\/li><\/ul><\/div><noscript><style type=\"text\/css\">#soliloquy-container-751{opacity:1}<\/style><\/noscript>\n","protected":false},"excerpt":{"rendered":"<p>Centro de Guayaquil &#8211; Ecuador, regeneraci\u00f3n urbano. A\u00f1o 2001 Dise\u00f1o de kioskos de comida, basureros, bolardos para jardineras.<\/p>\n","protected":false},"author":1,"featured_media":0,"comment_status":"open","ping_status":"open","sticky":false,"template":"","format":"standard","meta":{"footnotes":""},"categories":[12],"tags":[41,27,38,25,10,39,6,11,8,40],"class_list":["post-446","post","type-post","status-publish","format-standard","hentry","category-mobiliario-urbano-2","tag-centro-guayaquil","tag-disenador-industrial","tag-diseno-industrial","tag-ecuador","tag-guayaquil","tag-kiosco-de-comida","tag-luz-marina-salgado","tag-mobiliario-urbano","tag-urbedisenio","tag-ventas"],"_links":{"self":[{"href":"http:\/\/luzmarina.mamey.org\/index.php?rest_route=\/wp\/v2\/posts\/446","targetHints":{"allow":["GET"]}}],"collection":[{"href":"http:\/\/luzmarina.mamey.org\/index.php?rest_route=\/wp\/v2\/posts"}],"about":[{"href":"http:\/\/luzmarina.mamey.org\/index.php?rest_route=\/wp\/v2\/types\/post"}],"author":[{"embeddable":true,"href":"http:\/\/luzmarina.mamey.org\/index.php?rest_route=\/wp\/v2\/users\/1"}],"replies":[{"embeddable":true,"href":"http:\/\/luzmarina.mamey.org\/index.php?rest_route=%2Fwp%2Fv2%2Fcomments&post=446"}],"version-history":[{"count":4,"href":"http:\/\/luzmarina.mamey.org\/index.php?rest_route=\/wp\/v2\/posts\/446\/revisions"}],"predecessor-version":[{"id":841,"href":"http:\/\/luzmarina.mamey.org\/index.php?rest_route=\/wp\/v2\/posts\/446\/revisions\/841"}],"wp:attachment":[{"href":"http:\/\/luzmarina.mamey.org\/index.php?rest_route=%2Fwp%2Fv2%2Fmedia&parent=446"}],"wp:term":[{"taxonomy":"category","embeddable":true,"href":"http:\/\/luzmarina.mamey.org\/index.php?rest_route=%2Fwp%2Fv2%2Fcategories&post=446"},{"taxonomy":"post_tag","embeddable":true,"href":"http:\/\/luzmarina.mamey.org\/index.php?rest_route=%2Fwp%2Fv2%2Ftags&post=446"}],"curies":[{"name":"wp","href":"https:\/\/api.w.org\/{rel}","templated":true}]}}