{"id":32,"date":"2014-04-10T15:01:54","date_gmt":"2014-04-10T21:01:54","guid":{"rendered":"http:\/\/luzmarina.mamey.org\/?p=32"},"modified":"2014-09-15T17:23:38","modified_gmt":"2014-09-15T23:23:38","slug":"proyecto-quinta-escencia-eventos","status":"publish","type":"post","link":"http:\/\/luzmarina.mamey.org\/?p=32","title":{"rendered":"Proyecto Quinta Esencia. Quito."},"content":{"rendered":"<p class=\"mceTemp\">Quinta Esencia es un espacio destinado a eventos sociales y seminarios, est\u00e1 ubicado\u00a0 en un edificio de tres pisos y terraza, cada uno con un ambiente diferente.<\/p>\n<p class=\"mceTemp\">Dise\u00f1o de fachada, puertas, pisos, paredes, iluminaci\u00f3n, pasamanos, escaleras, ba\u00f1os y muebles.<\/p>\n<p class=\"mceTemp\"><div aria-live=\"polite\" id=\"soliloquy-container-610\" class=\"soliloquy-container soliloquy-transition-fade  soliloquy-theme-classic\" style=\"max-width:500px;max-height:500px;\"><ul id=\"soliloquy-610\" class=\"soliloquy-slider soliloquy-slides soliloquy-wrap soliloquy-clear\"><li aria-hidden=\"true\" class=\"soliloquy-item soliloquy-item-1 soliloquy-image-slide\" draggable=\"false\" style=\"list-style:none\"><img decoding=\"async\" id=\"soliloquy-image-613\" class=\"soliloquy-image soliloquy-image-1\" src=\"http:\/\/luzmarina.mamey.org\/wp-content\/uploads\/2014\/05\/ENTRADA.jpg\" alt=\"ENTRADA\" \/><\/li><li aria-hidden=\"true\" class=\"soliloquy-item soliloquy-item-2 soliloquy-image-slide\" draggable=\"false\" style=\"list-style:none\"><img decoding=\"async\" id=\"soliloquy-image-616\" class=\"soliloquy-image soliloquy-image-2\" src=\"http:\/\/luzmarina.mamey.org\/wp-content\/uploads\/2014\/05\/ILUM.-PISO.jpg\" alt=\"ILUM. PISO\" \/><\/li><li aria-hidden=\"true\" class=\"soliloquy-item soliloquy-item-3 soliloquy-image-slide\" draggable=\"false\" style=\"list-style:none\"><img decoding=\"async\" id=\"soliloquy-image-622\" class=\"soliloquy-image soliloquy-image-3\" src=\"http:\/\/luzmarina.mamey.org\/wp-content\/uploads\/2014\/05\/P.1-TODO.jpg\" alt=\"P.1 TODO\" \/><\/li><li aria-hidden=\"true\" class=\"soliloquy-item soliloquy-item-4 soliloquy-image-slide\" draggable=\"false\" style=\"list-style:none\"><img decoding=\"async\" id=\"soliloquy-image-611\" class=\"soliloquy-image soliloquy-image-4\" src=\"http:\/\/luzmarina.mamey.org\/wp-content\/uploads\/2014\/05\/DETALLE-BA\u00d1O.jpg\" alt=\"DETALLE BA\u00d1O\" \/><\/li><li aria-hidden=\"true\" class=\"soliloquy-item soliloquy-item-5 soliloquy-image-slide\" draggable=\"false\" style=\"list-style:none\"><img decoding=\"async\" id=\"soliloquy-image-628\" class=\"soliloquy-image soliloquy-image-5\" src=\"http:\/\/luzmarina.mamey.org\/wp-content\/uploads\/2014\/05\/TERRAZA.jpg\" alt=\"\" \/><\/li><\/ul><\/div><noscript><style type=\"text\/css\">#soliloquy-container-610{opacity:1}<\/style><\/noscript><\/p>\n","protected":false},"excerpt":{"rendered":"<p>Quinta Esencia es un espacio destinado a eventos sociales y seminarios, est\u00e1 ubicado\u00a0 en un edificio de tres pisos y terraza, cada uno con un ambiente diferente. Dise\u00f1o de fachada, puertas, pisos, paredes, iluminaci\u00f3n, pasamanos, escaleras, ba\u00f1os y muebles.<\/p>\n","protected":false},"author":1,"featured_media":0,"comment_status":"open","ping_status":"open","sticky":false,"template":"","format":"standard","meta":{"footnotes":""},"categories":[1],"tags":[24,25,6,26,8],"class_list":["post-32","post","type-post","status-publish","format-standard","hentry","category-diseno-interior","tag-diseno-interior-2","tag-ecuador","tag-luz-marina-salgado","tag-quito","tag-urbedisenio"],"_links":{"self":[{"href":"http:\/\/luzmarina.mamey.org\/index.php?rest_route=\/wp\/v2\/posts\/32","targetHints":{"allow":["GET"]}}],"collection":[{"href":"http:\/\/luzmarina.mamey.org\/index.php?rest_route=\/wp\/v2\/posts"}],"about":[{"href":"http:\/\/luzmarina.mamey.org\/index.php?rest_route=\/wp\/v2\/types\/post"}],"author":[{"embeddable":true,"href":"http:\/\/luzmarina.mamey.org\/index.php?rest_route=\/wp\/v2\/users\/1"}],"replies":[{"embeddable":true,"href":"http:\/\/luzmarina.mamey.org\/index.php?rest_route=%2Fwp%2Fv2%2Fcomments&post=32"}],"version-history":[{"count":13,"href":"http:\/\/luzmarina.mamey.org\/index.php?rest_route=\/wp\/v2\/posts\/32\/revisions"}],"predecessor-version":[{"id":807,"href":"http:\/\/luzmarina.mamey.org\/index.php?rest_route=\/wp\/v2\/posts\/32\/revisions\/807"}],"wp:attachment":[{"href":"http:\/\/luzmarina.mamey.org\/index.php?rest_route=%2Fwp%2Fv2%2Fmedia&parent=32"}],"wp:term":[{"taxonomy":"category","embeddable":true,"href":"http:\/\/luzmarina.mamey.org\/index.php?rest_route=%2Fwp%2Fv2%2Fcategories&post=32"},{"taxonomy":"post_tag","embeddable":true,"href":"http:\/\/luzmarina.mamey.org\/index.php?rest_route=%2Fwp%2Fv2%2Ftags&post=32"}],"curies":[{"name":"wp","href":"https:\/\/api.w.org\/{rel}","templated":true}]}}